{"id":28864,"date":"2025-11-21T12:54:48","date_gmt":"2025-11-21T11:54:48","guid":{"rendered":"https:\/\/www.dicea.unina.it\/?p=28864"},"modified":"2025-11-21T12:58:59","modified_gmt":"2025-11-21T11:58:59","slug":"28864-2","status":"publish","type":"post","link":"https:\/\/www.dicea.unina.it\/en\/28864-2\/","title":{"rendered":"Graduatorie definitiva di merito &#8211; Programma Erasmus italiano &#8211; Mobilit\u00e0 secondo semestre a.a. 25\/26"},"content":{"rendered":"<p>Care studentesse, cari studenti, ci siamo quasi! Nei prossimi giorni riceverete via email tutte le informazioni utili per la vostra partenza: l\u2019avventura Erasmus sta per cominciare! Nel frattempo, \u00e8 fondamentale concordare il Learning Agreement con il Coordinatore del Corso di Studi, cos\u00ec da definire insieme le attivit\u00e0 formative che svolgerete presso le universit\u00e0 ospitanti. Un caro saluto e\u2026 buon Erasmus! <\/p>\n\n\n\n<p>Almerinda Di Benedetto, Referente ERASMUS per la Scuola Politecnica e delle Scienze di Base, Universit\u00e0 degli Studi di Napoli Federico II<\/p>\n\n\n<a href=\"https:\/\/www.dicea.unina.it\/wp-content\/uploads\/2025\/11\/erasmus_ita_2526_sem_02_grad_def.pdf\" class=\"pdfemb-viewer\" style=\"\" data-width=\"max\" data-height=\"max\" data-toolbar=\"top\" data-toolbar-fixed=\"on\">erasmus_ita_2526_sem_02_grad_def<\/a>\n\n\n<p><\/p>","protected":false},"excerpt":{"rendered":"<p>Care studentesse, cari studenti, ci siamo quasi! Nei prossimi giorni riceverete via email tutte le informazioni utili per la vostra partenza: l\u2019avventura Erasmus sta per cominciare! Nel frattempo, \u00e8 fondamentale concordare il Learning Agreement con il Coordinatore del Corso di Studi, cos\u00ec da definire insieme le attivit\u00e0 formative che svolgerete presso le universit\u00e0 ospitanti. Un<\/p>","protected":false},"author":19,"featured_media":0,"comment_status":"closed","ping_status":"closed","sticky":false,"template":"","format":"standard","meta":{"footnotes":""},"categories":[47],"tags":[],"class_list":["post-28864","post","type-post","status-publish","format-standard","hentry","category-notizie"],"nelio_content":{"isAutoShareEnabled":true,"autoShareEndMode":"never","automationSources":{"useCustomSentences":false,"customSentences":[]},"followers":[19],"suggestedReferences":[],"efiUrl":"","efiAlt":"","highlights":[],"permalinkQueryArgs":[],"series":[]},"yoast_head":"<!-- This site is optimized with the Yoast SEO plugin v25.9 - https:\/\/yoast.com\/wordpress\/plugins\/seo\/ -->\n<title>Graduatorie definitiva di merito - Programma Erasmus italiano - Mobilit\u00e0 secondo semestre a.a. 25\/26 - Dicea<\/title>\n<meta name=\"robots\" content=\"index, follow, max-snippet:-1, max-image-preview:large, max-video-preview:-1\" \/>\n<link rel=\"canonical\" href=\"https:\/\/www.dicea.unina.it\/en\/28864-2\/\" \/>\n<meta property=\"og:locale\" content=\"en_GB\" \/>\n<meta property=\"og:type\" content=\"article\" \/>\n<meta property=\"og:title\" content=\"Graduatorie definitiva di merito - Programma Erasmus italiano - Mobilit\u00e0 secondo semestre a.a. 25\/26 - Dicea\" \/>\n<meta property=\"og:description\" content=\"Care studentesse, cari studenti, ci siamo quasi! Nei prossimi giorni riceverete via email tutte le informazioni utili per la vostra partenza: l\u2019avventura Erasmus sta per cominciare! Nel frattempo, \u00e8 fondamentale concordare il Learning Agreement con il Coordinatore del Corso di Studi, cos\u00ec da definire insieme le attivit\u00e0 formative che svolgerete presso le universit\u00e0 ospitanti. Un\" \/>\n<meta property=\"og:url\" content=\"https:\/\/www.dicea.unina.it\/en\/28864-2\/\" \/>\n<meta property=\"og:site_name\" content=\"Dicea\" \/>\n<meta property=\"article:published_time\" content=\"2025-11-21T11:54:48+00:00\" \/>\n<meta property=\"article:modified_time\" content=\"2025-11-21T11:58:59+00:00\" \/>\n<meta name=\"author\" content=\"amministratore\" \/>\n<meta name=\"twitter:card\" content=\"summary_large_image\" \/>\n<meta name=\"twitter:label1\" content=\"Written by\" \/>\n\t<meta name=\"twitter:data1\" content=\"amministratore\" \/>\n\t<meta name=\"twitter:label2\" content=\"Est. reading time\" \/>\n\t<meta name=\"twitter:data2\" content=\"1 minute\" \/>\n<script type=\"application\/ld+json\" class=\"yoast-schema-graph\">{\"@context\":\"https:\/\/schema.org\",\"@graph\":[{\"@type\":\"WebPage\",\"@id\":\"https:\/\/www.dicea.unina.it\/28864-2\/\",\"url\":\"https:\/\/www.dicea.unina.it\/28864-2\/\",\"name\":\"Graduatorie definitiva di merito - Programma Erasmus italiano - Mobilit\u00e0 secondo semestre a.a. 25\/26 - Dicea\",\"isPartOf\":{\"@id\":\"https:\/\/www.dicea.unina.it\/#website\"},\"datePublished\":\"2025-11-21T11:54:48+00:00\",\"dateModified\":\"2025-11-21T11:58:59+00:00\",\"author\":{\"@id\":\"https:\/\/www.dicea.unina.it\/#\/schema\/person\/be869512dd81e40ddefe3232a52a1eb0\"},\"breadcrumb\":{\"@id\":\"https:\/\/www.dicea.unina.it\/28864-2\/#breadcrumb\"},\"inLanguage\":\"en-GB\",\"potentialAction\":[{\"@type\":\"ReadAction\",\"target\":[\"https:\/\/www.dicea.unina.it\/28864-2\/\"]}]},{\"@type\":\"BreadcrumbList\",\"@id\":\"https:\/\/www.dicea.unina.it\/28864-2\/#breadcrumb\",\"itemListElement\":[{\"@type\":\"ListItem\",\"position\":1,\"name\":\"Home\",\"item\":\"https:\/\/www.dicea.unina.it\/\"},{\"@type\":\"ListItem\",\"position\":2,\"name\":\"Graduatorie definitiva di merito &#8211; Programma Erasmus italiano &#8211; Mobilit\u00e0 secondo semestre a.a. 25\/26\"}]},{\"@type\":\"WebSite\",\"@id\":\"https:\/\/www.dicea.unina.it\/#website\",\"url\":\"https:\/\/www.dicea.unina.it\/\",\"name\":\"Dicea\",\"description\":\"\",\"potentialAction\":[{\"@type\":\"SearchAction\",\"target\":{\"@type\":\"EntryPoint\",\"urlTemplate\":\"https:\/\/www.dicea.unina.it\/?s={search_term_string}\"},\"query-input\":{\"@type\":\"PropertyValueSpecification\",\"valueRequired\":true,\"valueName\":\"search_term_string\"}}],\"inLanguage\":\"en-GB\"},{\"@type\":\"Person\",\"@id\":\"https:\/\/www.dicea.unina.it\/#\/schema\/person\/be869512dd81e40ddefe3232a52a1eb0\",\"name\":\"amministratore\",\"image\":{\"@type\":\"ImageObject\",\"inLanguage\":\"en-GB\",\"@id\":\"https:\/\/www.dicea.unina.it\/#\/schema\/person\/image\/\",\"url\":\"https:\/\/secure.gravatar.com\/avatar\/2fb8c88c9a389d7f43d451551f5eab36dc25ee46808fc117b4c5e670445a970e?s=96&d=mm&r=g\",\"contentUrl\":\"https:\/\/secure.gravatar.com\/avatar\/2fb8c88c9a389d7f43d451551f5eab36dc25ee46808fc117b4c5e670445a970e?s=96&d=mm&r=g\",\"caption\":\"amministratore\"},\"url\":\"https:\/\/www.dicea.unina.it\/en\/author\/amministratore\/\"}]}<\/script>\n<!-- \/ Yoast SEO plugin. -->","yoast_head_json":{"title":"Graduatorie definitiva di merito - Programma Erasmus italiano - Mobilit\u00e0 secondo semestre a.a. 25\/26 - Dicea","robots":{"index":"index","follow":"follow","max-snippet":"max-snippet:-1","max-image-preview":"max-image-preview:large","max-video-preview":"max-video-preview:-1"},"canonical":"https:\/\/www.dicea.unina.it\/en\/28864-2\/","og_locale":"en_GB","og_type":"article","og_title":"Graduatorie definitiva di merito - Programma Erasmus italiano - Mobilit\u00e0 secondo semestre a.a. 25\/26 - Dicea","og_description":"Care studentesse, cari studenti, ci siamo quasi! Nei prossimi giorni riceverete via email tutte le informazioni utili per la vostra partenza: l\u2019avventura Erasmus sta per cominciare! Nel frattempo, \u00e8 fondamentale concordare il Learning Agreement con il Coordinatore del Corso di Studi, cos\u00ec da definire insieme le attivit\u00e0 formative che svolgerete presso le universit\u00e0 ospitanti. Un","og_url":"https:\/\/www.dicea.unina.it\/en\/28864-2\/","og_site_name":"Dicea","article_published_time":"2025-11-21T11:54:48+00:00","article_modified_time":"2025-11-21T11:58:59+00:00","author":"amministratore","twitter_card":"summary_large_image","twitter_misc":{"Written by":"amministratore","Est. reading time":"1 minute"},"schema":{"@context":"https:\/\/schema.org","@graph":[{"@type":"WebPage","@id":"https:\/\/www.dicea.unina.it\/28864-2\/","url":"https:\/\/www.dicea.unina.it\/28864-2\/","name":"Graduatorie definitiva di merito - Programma Erasmus italiano - Mobilit\u00e0 secondo semestre a.a. 25\/26 - Dicea","isPartOf":{"@id":"https:\/\/www.dicea.unina.it\/#website"},"datePublished":"2025-11-21T11:54:48+00:00","dateModified":"2025-11-21T11:58:59+00:00","author":{"@id":"https:\/\/www.dicea.unina.it\/#\/schema\/person\/be869512dd81e40ddefe3232a52a1eb0"},"breadcrumb":{"@id":"https:\/\/www.dicea.unina.it\/28864-2\/#breadcrumb"},"inLanguage":"en-GB","potentialAction":[{"@type":"ReadAction","target":["https:\/\/www.dicea.unina.it\/28864-2\/"]}]},{"@type":"BreadcrumbList","@id":"https:\/\/www.dicea.unina.it\/28864-2\/#breadcrumb","itemListElement":[{"@type":"ListItem","position":1,"name":"Home","item":"https:\/\/www.dicea.unina.it\/"},{"@type":"ListItem","position":2,"name":"Graduatorie definitiva di merito &#8211; Programma Erasmus italiano &#8211; Mobilit\u00e0 secondo semestre a.a. 25\/26"}]},{"@type":"WebSite","@id":"https:\/\/www.dicea.unina.it\/#website","url":"https:\/\/www.dicea.unina.it\/","name":"Dicea","description":"","potentialAction":[{"@type":"SearchAction","target":{"@type":"EntryPoint","urlTemplate":"https:\/\/www.dicea.unina.it\/?s={search_term_string}"},"query-input":{"@type":"PropertyValueSpecification","valueRequired":true,"valueName":"search_term_string"}}],"inLanguage":"en-GB"},{"@type":"Person","@id":"https:\/\/www.dicea.unina.it\/#\/schema\/person\/be869512dd81e40ddefe3232a52a1eb0","name":"amministratore","image":{"@type":"ImageObject","inLanguage":"en-GB","@id":"https:\/\/www.dicea.unina.it\/#\/schema\/person\/image\/","url":"https:\/\/secure.gravatar.com\/avatar\/2fb8c88c9a389d7f43d451551f5eab36dc25ee46808fc117b4c5e670445a970e?s=96&d=mm&r=g","contentUrl":"https:\/\/secure.gravatar.com\/avatar\/2fb8c88c9a389d7f43d451551f5eab36dc25ee46808fc117b4c5e670445a970e?s=96&d=mm&r=g","caption":"amministratore"},"url":"https:\/\/www.dicea.unina.it\/en\/author\/amministratore\/"}]}},"_links":{"self":[{"href":"https:\/\/www.dicea.unina.it\/en\/wp-json\/wp\/v2\/posts\/28864","targetHints":{"allow":["GET"]}}],"collection":[{"href":"https:\/\/www.dicea.unina.it\/en\/wp-json\/wp\/v2\/posts"}],"about":[{"href":"https:\/\/www.dicea.unina.it\/en\/wp-json\/wp\/v2\/types\/post"}],"author":[{"embeddable":true,"href":"https:\/\/www.dicea.unina.it\/en\/wp-json\/wp\/v2\/users\/19"}],"replies":[{"embeddable":true,"href":"https:\/\/www.dicea.unina.it\/en\/wp-json\/wp\/v2\/comments?post=28864"}],"version-history":[{"count":2,"href":"https:\/\/www.dicea.unina.it\/en\/wp-json\/wp\/v2\/posts\/28864\/revisions"}],"predecessor-version":[{"id":28868,"href":"https:\/\/www.dicea.unina.it\/en\/wp-json\/wp\/v2\/posts\/28864\/revisions\/28868"}],"wp:attachment":[{"href":"https:\/\/www.dicea.unina.it\/en\/wp-json\/wp\/v2\/media?parent=28864"}],"wp:term":[{"taxonomy":"category","embeddable":true,"href":"https:\/\/www.dicea.unina.it\/en\/wp-json\/wp\/v2\/categories?post=28864"},{"taxonomy":"post_tag","embeddable":true,"href":"https:\/\/www.dicea.unina.it\/en\/wp-json\/wp\/v2\/tags?post=28864"}],"curies":[{"name":"wp","href":"https:\/\/api.w.org\/{rel}","templated":true}]}}